 {"id":850,"date":"2023-01-03T16:12:36","date_gmt":"2023-01-03T15:12:36","guid":{"rendered":"https:\/\/www.fondationdelille.org\/climat\/?p=850"},"modified":"2023-01-03T16:12:38","modified_gmt":"2023-01-03T15:12:38","slug":"fonds-solidarite-climat-5-projets-laureats","status":"publish","type":"post","link":"https:\/\/www.fondationdelille.org\/climat\/fonds-solidarite-climat-5-projets-laureats\/","title":{"rendered":"Fonds solidarit\u00e9 climat\u00a0: 5 projets laur\u00e9ats"},"content":{"rendered":"\n<p style=\"text-align: center;\"><em><a href=\"https:\/\/www.fondationdelille.org\/test-accueil\/istock_000058784096x_bandeau_web2-1024x474\/\"><img decoding=\"async\" loading=\"lazy\" class=\"aligncenter wp-image-13236 size-full\" src=\"https:\/\/www.fondationdelille.org\/wp-content\/uploads\/2021\/04\/iStock_000058784096X_bandeau_web2-1024x474-1.jpg\" alt=\"\" width=\"1024\" height=\"474\" \/><\/a><\/em><\/p>\n<p><strong>Suite \u00e0 l&rsquo;Appel \u00e0 Projets, le Comit\u00e9 de S\u00e9lection, <\/strong>r\u00e9uni le 8 juin dernier, a s\u00e9lectionn\u00e9 <strong>5<\/strong>\u00a0<strong>projets associatifs\u00a0ou collectifs d&rsquo;acteurs, pour un montant total de 40.000 \u20ac.<\/strong><\/p>\n<p><!--more-->En mars dernier, la Fondation de Lille a lanc\u00e9 un nouvel Appel \u00e0 Projets (APP) dans le cadre de son Fonds Solidarit\u00e9 Climat. <strong>Le lancement de nouvel APP a \u00e9t\u00e9 possible gr\u00e2ce \u00e0 notre nouveau partenaire L&rsquo;Olivier Assurance, la Ville de Lille et \u00e0 nos donateurs.<\/strong> <strong>Nous les remercions tr\u00e8s sinc\u00e8rement pour leur confiance et leur soutien<\/strong>.<\/p>\n<p>La Fondation de Lille a souhait\u00e9 soutenir des projets associatifs de la r\u00e9gion qui accompagnent <strong>une transition \u00e9cologiste juste et en solidarit\u00e9 avec les populations en situation de pr\u00e9carit\u00e9<\/strong>.\u00a0En effet, un des objectifs est notamment de porter une attention particuli\u00e8re aux populations les plus pr\u00e9caires, souvent oubli\u00e9es des enjeux de la transition \u00e9cologique.<\/p>\n<p><strong>Le Comit\u00e9 de S\u00e9lection de la Fondation de Lille, r\u00e9uni le 8 juin dernier, a s\u00e9lectionn\u00e9 5 projets associatifs ou collectifs d&rsquo;acteurs, pour un montant total de 40.000 \u20ac.<\/strong><\/p>\n<hr \/>\n<p style=\"text-align: center;\"><strong>Collectif OUISHARE<br \/><\/strong><strong>Projet CASBAH <\/strong>(<em>Cadre d&rsquo;Action Sur le B\u00e2ti pour Adapter notre Habitat)<br \/><\/em><em>Dotation : 10.000 \u20ac<\/em><\/p>\n<p style=\"text-align: left;\"><a href=\"https:\/\/www.fondationdelille.org\/fonds-solidarite-climat-5-projets-ont-ete-selectionnes\/ouishare_web\/\" rel=\"attachment wp-att-14132\"><img decoding=\"async\" loading=\"lazy\" class=\"aligncenter wp-image-14132 size-medium\" src=\"https:\/\/www.fondationdelille.org\/wp-content\/uploads\/2022\/10\/\u00a9Ouishare_web-300x146.jpg\" alt=\"\" width=\"300\" height=\"146\" \/><\/a><br \/><strong>Le projet CASBAH<\/strong> : D\u00e9velopper le pouvoir d&rsquo;agir des habitants de Faches-Thumesnil, en situation de pr\u00e9carit\u00e9 \u00e9nerg\u00e9tique, dans l&rsquo;adaptation de leur habitat face \u00e0 l&rsquo;al\u00e9a climatique des vagues de chaleur.<\/p>\n<p>Ce projet, \u00e9labor\u00e9 par et pour les habitants, est un<strong> groupement transdisciplinaire et multi-acteurs.<\/strong> Il a pour but <strong>d&rsquo;encourager la\u00a0r\u00e9flexion collective et le pouvoir d&rsquo;agir des habitants de la M\u00e9tropole Europ\u00e9enne de Lille<\/strong> dans l&rsquo;adaptation de leur habitat<strong> face \u00e0 l&rsquo;al\u00e9a climatique des vagues de chaleur.<\/strong> Pour cela,\u00a0\u00a0il associe \u00a0habitants, collectifs d&rsquo;architectes et de designers professionnel du b\u00e2timent, centres de recherches et collectivit\u00e9s territoriale. Il s&rsquo;agit de faire \u00e9merger une dynamique de transformation participative.<\/p>\n<p>Le cadre d\u2019action dans lequel se r\u00e9unit ces diff\u00e9rents acteurs se structure autour de <strong>trois dispositifs compl\u00e9mentaires<\/strong> :<\/p>\n<ul>\n<li><span class=\"Apple-converted-space\"><strong>mobilisation et accompagnement<\/strong> en partenariat avec la ville Faches-Thumesnil ;<\/span><\/li>\n<li><span class=\"Apple-converted-space\"><strong>enqu\u00eate pour comprendre le\u00a0v\u00e9cu et les usages des habitants<\/strong> lors des vagues de chaleur\u00a0<\/span><\/li>\n<li><strong>conception de syst\u00e8mes de rafra\u00eechissement low-tech<\/strong> d\u00e9ploy\u00e9 par les \u00e9tudiants-ing\u00e9nieurs de Centrale-Lille en lien avec les <a href=\"https:\/\/www.les-saprophytes.org\">Saprophytes.<\/a><\/li>\n<\/ul>\n<p>\u00c0 terme, les habitants pourront mettre en oeuvre concr\u00e8tement les solutions qu\u2019ils ont \u00e9labor\u00e9es ensemble, \u00e0 toutes les \u00e9chelles de leur habitat<em> (logement, b\u00e2timent, rue, \u00eelot).\u00a0<\/em>La cl\u00e9 de ce projet r\u00e9side dans la <strong>sensibilisation de la population aux enjeux du changement climatique<\/strong> qui influe sur tous les aspects de notre vie quotidienne, notamment l\u2019habitat.<\/p>\n<p><strong>Rappelons que la multiplication des vagues de chaleur<\/strong> provoque l&rsquo; augmentation de la pollution de l&rsquo;air, l&rsquo; inconfort voire un stress thermique, la d\u00e9gradation du sommeil, l&rsquo;aggravation des maladies chroniques, la mise en tension voire panne du r\u00e9seau \u00e9lectrique imput\u00e9e \u00e0 l&rsquo;utilisation de climatiseurs \u00e9lectriques.<\/p>\n<p><strong>Ce projet r\u00e9pond \u00e0 la volont\u00e9 de la Fondation de Lille de prot\u00e9ger les personnes les plus vuln\u00e9rables <\/strong>aux vagues de chaleur : personnes \u00e2g\u00e9es, malades, isol\u00e9es ou en situation de pr\u00e9carit\u00e9 et<strong> la co-construction territoriale.<\/strong><\/p>\n<p><strong>D\u00e9couvrir <span style=\"color: #ff6600;\"><a style=\"color: #ff6600;\" href=\"https:\/\/www.facebook.com\/Ouishare\/\">Ouishare<\/a>\u00a0<\/span><\/strong><\/p>\n<p>\u00a9Photo : Ouishare<\/p>\n<hr \/>\n<p style=\"text-align: center;\"><strong>Association Soleil du Nord<br \/>Projet : \u00c9nergie Collective \u00e0 P\u00e9renchies<br \/><\/strong><em>Dotation : 5.000 \u20ac<\/em><\/p>\n<p style=\"text-align: left;\"><a href=\"https:\/\/www.fondationdelille.org\/fonds-solidarite-climat-5-projets-ont-ete-selectionnes\/soleil-du-nord-web2\/\" rel=\"attachment wp-att-14138\"><img decoding=\"async\" loading=\"lazy\" class=\"aligncenter size-full wp-image-14138\" src=\"https:\/\/www.fondationdelille.org\/wp-content\/uploads\/2022\/10\/Soleil-du-Nord-web2.jpg\" alt=\"\" width=\"400\" height=\"306\" \/><\/a><br \/><strong>Le Projet<\/strong> : D\u00e9ploiement, \u00e0 partir d&rsquo;un cadre r\u00e9glementaire adapt\u00e9, d&rsquo;une op\u00e9ration d&rsquo;autoconsommation collective \u00e0 l&rsquo;\u00e9chelle d&rsquo;une ville et d\u00e9veloppement d&rsquo;un mod\u00e8le \u00e9conomique inclusif, r\u00e9silient, vertueux et orient\u00e9 sur la consommation responsable d&rsquo;\u00e9nergie renouvelable.<\/p>\n<p><strong>L&rsquo;association, Soleil du Nord, bas\u00e9e \u00e0 P\u00e9renchies,<\/strong> a pour but\u00a0de promouvoir et g\u00e9rer l&rsquo;autoconsommation collective, d&rsquo;accompagner les actions de transition \u00e9nerg\u00e9tique et \u00e9cologique sur le territoire, favoriser l\u2019acc\u00e8s \u00e0 une \u00e9nergie verte et locale \u00e0 un prix ma\u00eetris\u00e9 aupr\u00e8s du plus grand nombre, \u00a0lutter contre la pr\u00e9carit\u00e9 \u00e9nerg\u00e9tique, favoriser le changement de comportement autour de l\u2019achat responsable.<\/p>\n<p>Dans un contexte de hausse des prix de l&rsquo;\u00e9nergie et de transition \u00e9cologique, les \u00e9nergies renouvelables et particuli\u00e8rement le solaire photovolta\u00efque connaissent un essor consid\u00e9rable tant au niveau mondial qu\u2019europ\u00e9en. En France, apr\u00e8s une phase d\u2019\u00e9mergence, la production photovolta\u00efque conna\u00eet des \u00e9volutions notables dans le changement de mod\u00e8le \u00e9conomique. L\u2019av\u00e8nement des sch\u00e9mas dit de proximit\u00e9 et de l\u2019autoconsommation se traduit par des \u00e9volutions r\u00e9glementaires et de nouvelles dispositions \u00e0 l\u2019\u00e9chelle europ\u00e9enne.<\/p>\n<p>Les m\u00e9canismes historiques de valorisation \/ soutien de la production photovolta\u00efque sont appel\u00e9s \u00e0 disparaitre ou \u00e0 d\u00e9faut s\u2019att\u00e9nuer progressivement et <strong>laisser la place \u00e0 des liens plus directs avec les consommateurs \u00e0 l\u2019\u00e9chelle du b\u00e2timent, du quartier, de la ville. L\u2019autoconsommation collective est une voie d\u00e9sormais autoris\u00e9e et appel\u00e9e \u00e0 se d\u00e9velopper.<\/strong><\/p>\n<p>Des r\u00e9sultats probants ont d\u00e9j\u00e0 \u00e9t\u00e9 observ\u00e9s tels que la cr\u00e9ation d\u2019une \u00ab\u00a0communaut\u00e9 d\u2019\u00e9nergie renouvelable\u00a0\u00bb compos\u00e9e de \u00ab\u00a0consom\u2019acteurs\u00a0\u00bb qui font le choix de soutenir une \u00e9conomie de proximit\u00e9 et un acte d\u2019achat responsable.<\/p>\n<div class=\"page\" title=\"Page 7\">\n<div class=\"section\">\n<div class=\"layoutArea\">\n<div class=\"column\">\n<p><strong>Pe\u0301renchies a accueilli, en 2020, l\u2019une des toutes premie\u0300res ope\u0301rations franc\u0327aises d\u2019autoconsommation collective \u00ab multi-acteurs \u00bb sous forme d\u2019une communaute\u0301 d\u2019e\u0301nergie.<\/strong><\/p>\n<\/div>\n<\/div>\n<\/div>\n<\/div>\n<p><strong>La Fondation de Lille soutient particuli\u00e8rement l\u2019un des volets de ce projet<\/strong> qui consiste \u00e0 \u00e9largir et d\u00e9ployer la communaut\u00e9 d\u2019\u00e9nergie renouvelable aux <strong>consommateurs en pr\u00e9carit\u00e9 \u00e9nerg\u00e9tique<\/strong> ou peu enclins par leur situation \u00e0 s\u2019orienter vers les \u00e9nergies renouvelables.<\/p>\n<div class=\"page\" title=\"Page 8\">\n<div class=\"section\">\n<div class=\"layoutArea\">\n<div class=\"column\">\n<p><strong>Il s\u2019agit d\u2019associer un premier panel d&rsquo;environ 20 me\u0301nages consommateurs\u00a0pre\u0301sents dans les logement sociaux et\/ou concerne\u0301s par l\u2019accompagnement re\u0301alise\u0301 par le CCAS et\/ou be\u0301ne\u0301ficiaire du che\u0300que e\u0301nergie<\/strong>. Les re\u0301sultats attendus sont de modifier l\u2019image des e\u0301nergies renouvelables en s\u2019appuyant sur l\u2019impact possible sur le pouvoir d\u2019achat et les pratiques susceptibles de modifier la consommation.<\/p>\n<p><strong>Ce projet est men\u00e9 en partenariat<\/strong>\u00a0de nombreux partenaires : la M\u00e9tropole Europ\u00e9enne de Lille, un bailleur social (3F Notre Logis), le Conseil R\u00e9gional des Hauts-de-France, et des associations de sensibilisation \u00e0 l&rsquo;environnement.<\/p>\n<p><strong>D\u00e9couvrir l&rsquo;association :<\/strong>\u00a0<strong>cliquez <span style=\"color: #ff6600;\"><a style=\"color: #ff6600;\" href=\"https:\/\/www.energiecollectiveperenchies.fr\/soleildunord\">ICI\u00a0<\/a><\/span><\/strong><\/p>\n<p>\u00a9 Photo : association Soleil du Nord<\/p>\n<\/div>\n<\/div>\n<\/div>\n<\/div>\n<hr \/>\n<p style=\"text-align: center;\"><strong>Maison de l&rsquo;eau, de la p\u00eache et de la nature<br \/>Projet \u00ab\u00a0un pav\u00e9 dans la marre\u00a0\u00bb<br \/><\/strong><em>Dotation : 5.000 \u20ac\u00a0<\/em><\/p>\n<p style=\"text-align: left;\"><strong><a href=\"https:\/\/www.fondationdelille.org\/fonds-solidarite-climat-5-projets-ont-ete-selectionnes\/maison-de-leau-et-de-la-nature_web-2\/\" rel=\"attachment wp-att-14139\"><img decoding=\"async\" loading=\"lazy\" class=\"aligncenter size-full wp-image-14139\" src=\"https:\/\/www.fondationdelille.org\/wp-content\/uploads\/2022\/10\/\u00a9Maison-de-leau-et-de-la-nature_web-1.jpg\" alt=\"\" width=\"400\" height=\"227\" \/><\/a><br \/>Le projet<\/strong>\u00a0<strong>\u00ab\u00a0un pav\u00e9 dans la mare\u00a0\u00bb<\/strong> : Participer \u00e0 la protection des milieux aquatiques et du patrimoine piscicole et promouvoir des actions d&rsquo;information, de formation et d&rsquo;\u00e9ducation pour la protection de la biodiversit\u00e9 par la cr\u00e9ation de 8 mares participatives comme moyen de faire baisser les temp\u00e9ratures, attirer une faune vari\u00e9e et une flore incontournable puit de carbone.<\/p>\n<p>L&rsquo;association, oeuvrant notamment sur les corridors \u00e9cologiques par la connexion des milieux aquatiques<em> (comme le canal de Roubaix),<\/em><strong>\u00a0a souhait\u00e9\u00a0valoriser \u00a0le r\u00f4le de l&rsquo;eau sur la baisse des temp\u00e9ratures.<\/strong> Elle doit, en effet, reprendre sa place en ville, victime d&rsquo;une urbanisation intense et \u00eatre utilis\u00e9e de mani\u00e8re \u00e9conome et \u00e9cologique. Il s&rsquo;agit \u00e9galement de promouvoir, d\u00e8s le plus jeune \u00e2ge, une \u00e9co-citoyennet\u00e9 par une p\u00e9dagogie active. <strong>La cr\u00e9ation de mares est un outil \u00e9ducatif transversal : <\/strong>6 marres cr\u00e9\u00e9es \u00e0 Tourcoing aux sein d&rsquo;\u00e9tablissements scolaires, 1 mare \u00e0 Wattrelos, une \u00e0 Hem en lien avec l&rsquo;association des Jardins familiaux, les villes, les \u00e9coles, l&rsquo;Agence de l&rsquo;eau, le Conseil R\u00e9gional des Hauts-de-France. Ce sera \u00e9galement l&rsquo;occasion <strong>d&rsquo;animer des ateliers p\u00e9dagogiques<\/strong> pour y apprendre des \u00e9cogestes, la sensibilisation au z\u00e9ro d\u00e9chets, une consommation responsable en \u00e9vitant le gaspillage.<\/p>\n<p>\u00a9 : \u00a0Maison de l\u2019eau, de la p\u00eache et de la nature de Roubaix &#8211; Tourcoing<\/p>\n<hr \/>\n<p style=\"text-align: center;\"><strong>Collectif port\u00e9 par l&rsquo;association Eurasant\u00e9<br \/><\/strong><strong>Projet LIBEL&rsquo;UP<br \/><\/strong><em>Dotation : 10.000 \u20ac<\/em><\/p>\n<p style=\"text-align: left;\">\u00a0 \u00a0 \u00a0 \u00a0 \u00a0 \u00a0 \u00a0 \u00a0 \u00a0 \u00a0 \u00a0 \u00a0 \u00a0 \u00a0 \u00a0 \u00a0 \u00a0 \u00a0 \u00a0 \u00a0 \u00a0 <a href=\"https:\/\/www.fondationdelille.org\/fonds-solidarite-climat-5-projets-ont-ete-selectionnes\/photo-libelup\/\" rel=\"attachment wp-att-14140\"><img decoding=\"async\" loading=\"lazy\" class=\"aligncenter size-full wp-image-14140\" src=\"https:\/\/www.fondationdelille.org\/wp-content\/uploads\/2022\/10\/\u00a9Photo-Libelup.jpg\" alt=\"\" width=\"400\" height=\"266\" \/><\/a><\/p>\n<p style=\"text-align: left;\"><strong>Le projet Libel&rsquo;up :<\/strong> D\u00e9velopper et exp\u00e9rimenter un mod\u00e8le d&rsquo;\u00e9conomie circulaire p\u00e9renne, pertinent et efficace de collecte, de r\u00e9emploi et de redistribution d&rsquo;appareil m\u00e9dical gratuit en faveur des s\u00e9niors de notre r\u00e9gion n&rsquo;ayant pas les moyens financiers de b\u00e9n\u00e9ficier d&rsquo;\u00e9quipement m\u00e9dical n\u00e9cessaire \u00e0 leur autonomie <em>(accompagnement des personnes \u00e2g\u00e9es, renforcement du lien social&#8230;) ;\u00a0<\/em><\/p>\n<p><strong>Eurasant\u00e9 fait le constat suivant<\/strong> : <strong>en 2050, la r\u00e9gion des Hauts-de-France comptera 1,6 million de personnes de 65 ans ou plus<\/strong>, contre 920 000 \u00e0 ce jour. La pand\u00e9mie de COVID-19 a provoqu\u00e9 une hausse des prix des mati\u00e8res premi\u00e8res, des co\u00fbts de fabrication, et donc du prix de vente des aides techniques. <strong>Certaines personnes \u00e2g\u00e9es ne peuvent plus acc\u00e9der aux \u00e9quipements dont elles ont besoin \u00e0 cause de leur prix \u00e9lev\u00e9, accentuant ainsi leur isolement et leur d\u00e9pendance.<\/strong><\/p>\n<p>Ce projet r\u00e9pond donc \u00e0 plusieurs objectifs :<\/p>\n<ul>\n<li>accompagner les seniors pour qu&rsquo;ils vieillissent en bonne sant\u00e9, en repoussant le point de bascule vers la d\u00e9pendance ;<\/li>\n<li>renforcer le lien social des personnes \u00e2g\u00e9es qui ont parfois peu de moyens, afin de lutter contre leur isolement. La redistribution gratuite des AT permettra aux personnes \u00e0 faibles revenus de b\u00e9n\u00e9ficier du mat\u00e9riel dont ils ont besoin.<br \/><strong>A terme, le projet a pour ambition de permettre la prise en charge par la S\u00e9curit\u00e9 Sociale du mat\u00e9riel reconditionn\u00e9 au m\u00eame titre que le mat\u00e9riel neuf.<\/strong> Le reconditionnement d\u2019AT m\u00e9dicalis\u00e9es <em>(Aides Techniques)<\/em> et leur r\u00e9emploi favorise \u00e9galement la cr\u00e9ation d\u2019emplois solidaires, et inclusifs pour des personnes \u00e9loign\u00e9es de l\u2019emploi. Ce projet fait donc particuli\u00e8rement sens dans notre r\u00e9gion o\u00f9 la population est plus \u00e2g\u00e9e, et o\u00f9 le niveau de vie est plus faible que la moyenne nationale ;<\/li>\n<li>r\u00e9pondre \u00e0 un enjeu d&rsquo;\u00e9conomie circulaire.<\/li>\n<\/ul>\n<p><strong>La mise en oeuvre de Libel&rsquo;up s&rsquo;articule autour de 3 volets d&rsquo;action<\/strong> :<\/p>\n<ul>\n<li>la collecte d&rsquo;Aides techniques (AT) non utilis\u00e9es aupr\u00e8s des particuliers et lors de temps forts de collecte, appuy\u00e9e par la cr\u00e9ation d\u2019un outil digital innovant ;<\/li>\n<li>le reconditionnement des AT \u00e0 haute valeur ajout\u00e9e par des partenaires fabricants et distributeurs d\u2019AT ;<\/li>\n<li>leur redistribution gratuite aupr\u00e8s des b\u00e9n\u00e9ficiaires identifi\u00e9s par les r\u00e9seaux des fabricants partenaires.<\/li>\n<\/ul>\n<p>l&rsquo;association Eurasant\u00e9 est accompagn\u00e9e par un cabinet r\u00e9glementaire sp\u00e9cialis\u00e9 pour aider \u00e0 la mise aux normes \u00ab\u00a0CE \u00ab\u00a0du mat\u00e9riel m\u00e9dical et \u00e0 la prise en charge de ces dispositifs reconditionn\u00e9s par la S\u00e9curit\u00e9 Sociale.<\/p>\n<p><strong>L&rsquo;association Eurasant\u00e9 travaille en partenariat avec de nombreux partenaires<\/strong> comme\u00a0la Fabrique de l&rsquo;Emploi et Vitamine-T pour la collecte, la logistique, le stockage, le tri et le nettoyage des AT.<br \/>Eurasant\u00e9 s&rsquo;appuie sur des fabricants sp\u00e9cialistes d&rsquo;aides techniques pour le reconditionnement des aides techniques \u00e0 haute valeur ajout\u00e9e.<br \/>Enfin, les mairies des villes partenaires ainsi que des CCAS seront mobilis\u00e9s afin d&rsquo;aller \u00e0 la rencontre des populations et de les informer sur le projet.<\/p>\n<p><strong>Le soutien apport\u00e9 par la Fondation de Lille permettra de soutenir le pilotage et l\u2019ing\u00e9nierie du projet, ainsi que des frais de logistique li\u00e9s \u00e0 la redistribution aupr\u00e8s des personnes d\u00e9favoris\u00e9es. <\/strong><\/p>\n<p>\u00a0<\/p>\n<p><a href=\"https:\/\/www.fondationdelille.org\/fonds-solidarite-climat-5-projets-ont-ete-selectionnes\/capture-decran-2022-11-07-a-19-15-34\/\" rel=\"attachment wp-att-14144\"><img decoding=\"async\" loading=\"lazy\" class=\"wp-image-14144 size-medium aligncenter\" src=\"https:\/\/www.fondationdelille.org\/wp-content\/uploads\/2022\/10\/Capture-decran-2022-11-07-a-19.15.34-300x300.png\" alt=\"\" width=\"300\" height=\"300\" \/><\/a><\/p>\n<p>\u00a0<\/p>\n<p><strong>Pour plus d\u2019infos sur le projet : cliquez <a href=\"https:\/\/libel-up.com\"><span style=\"color: #ff6600;\">ICI<\/span>\u00a0<\/a><\/strong><\/p>\n<p>\u00a9photos : Libel&rsquo;up<\/p>\n<hr \/>\n<p style=\"text-align: center;\"><strong>Association\u00a0GDCAM\u00a0Nord Europe<br \/><\/strong><em>(Groupement des Coop\u00e9ratives Agropastorales de Mulenda)<br \/><\/em><strong>Projet : Electrification d&rsquo;un centre de sant\u00e9 avec des panneaux photovolta\u00efques \u00e0 Mulenda au Congo<br \/><\/strong><em>Dotation : 10.000 \u20ac<\/em><\/p>\n<p><a href=\"https:\/\/www.fondationdelille.org\/fonds-solidarite-climat-5-projets-ont-ete-selectionnes\/mulunda_web\/\" rel=\"attachment wp-att-14147\"><img decoding=\"async\" loading=\"lazy\" class=\"aligncenter wp-image-14147 size-medium\" src=\"https:\/\/www.fondationdelille.org\/wp-content\/uploads\/2022\/10\/\u00a9Mulunda_web-300x224.jpg\" alt=\"\" width=\"300\" height=\"224\" \/><\/a><\/p>\n<p><strong>Le projet<\/strong>\u00a0 : il est port\u00e9 par le Groupement des Coop\u00e9ratives Agropastorales de Moulenda, association bas\u00e9e \u00e0 Villeneuve d&rsquo;Ascq, dont le but est de r\u00e9aliser des projets d&rsquo;aides au d\u00e9veloppement dans trois secteurs : la sant\u00e9, l&rsquo;\u00e9ducation et l&rsquo;agro-alimentaire en milieu rural dans le but d&rsquo;am\u00e9liorer les conditions de vie de la population des habitants de \u00a0la r\u00e9gion de Mulenda <em>(R\u00e9publique du Congo)<\/em>, le but final \u00e9tant de stopper l&rsquo;exode rural.<\/p>\n<p>\u00c0 Mulunda, \u00a0il n&rsquo;y a ni eau propre, ni \u00e9lectricit\u00e9. Cette r\u00e9gion subit la d\u00e9forestation <em>(utilisation massive du bois de chauffe)<\/em>, l&rsquo;ensablement des cours d&rsquo;eau <em>(\u00e9rosion des sols<\/em>) , une eau impropre \u00e0 la consommation provoquant des maladies. Les populations sont isol\u00e9es et n&rsquo;ont pas acc\u00e8s \u00e0 des soins de sant\u00e9 de qualit\u00e9.<\/p>\n<p><strong>L\u2019\u00e9lectrification du centre de sant\u00e9 de Mulenda et plus particuli\u00e8rement son p\u00f4le Accueil m\u00e8re &#8211; enfant<\/strong>, pilot\u00e9 par un Comit\u00e9 de gestion, porte un objectif \u00e0 long terme tr\u00e8s concret : l\u2019acc\u00e8s aux soins optimis\u00e9 et facilit\u00e9 pour les \u00a0femmes et leur b\u00e9b\u00e9s, jeunes filles de milieux ruraux et plus g\u00e9n\u00e9ralement les habitants ayant besoin de soins.<\/p>\n<p><strong>Ce projet de sant\u00e9, oeuvrant contre\u00a0l\u2019injustice dans l&rsquo;acc\u00e8s aux soins de bonne qualit\u00e9, s&rsquo;inscrit dans une perspective de d\u00e9veloppement durable<\/strong>. Il soutient la biodiversit\u00e9 par le biais d\u2019utilisation nouvelle de l\u2019eau recycl\u00e9e <em>(centre de sant\u00e9 enti\u00e8rement auto-aliment\u00e9 par sa propre eau)<\/em> et l&rsquo;utilisation du photovolta\u00efque pour l&rsquo;\u00e9lectrification du centre de sant\u00e9 diminuant ainsi l&rsquo;impact des groupes \u00e9lectrog\u00e8nes.<\/p>\n<p>\u00a0<\/p>\n<p style=\"text-align: center;\"><strong>CES PROJETS \u00a0R\u00c9PONDENT AUX \u00a0ODD<br \/><\/strong><em>(objectifs de d\u00e9veloppement durable)<\/em><\/p>\n<p style=\"text-align: center;\"><em><img decoding=\"async\" loading=\"lazy\" class=\"size-full wp-image-14099 alignleft\" src=\"https:\/\/www.fondationdelille.org\/wp-content\/uploads\/2022\/10\/Capture-decran-2022-02-10-a-18.28.15-150x150-1.png\" alt=\"\" width=\"150\" height=\"150\" \/><img decoding=\"async\" loading=\"lazy\" class=\"size-full wp-image-14100 alignleft\" src=\"https:\/\/www.fondationdelille.org\/wp-content\/uploads\/2022\/10\/Capture-decran-2022-02-10-a-18.28.05-150x150-1.png\" alt=\"\" width=\"150\" height=\"150\" \/><\/em><\/p>\n<p>\u00a0<\/p>\n<p>\u00a0<\/p>\n<p>\u00a0<\/p>\n<p>\u00a0<\/p>\n<p>\u00a0<\/p>\n<p style=\"text-align: center;\"><strong>MERCI \u00c0 NOS PARTENAIRES ET DONATEURS\u00a0<\/strong><\/p>\n<p>\u00a0<\/p>\n<p><a href=\"https:\/\/www.fondationdelille.org\/appel-a-projets-fonds-solidarite-climat\/logololivierassurance\/\" rel=\"attachment wp-att-13747\"><img decoding=\"async\" loading=\"lazy\" class=\"alignleft wp-image-13747 size-medium\" src=\"https:\/\/www.fondationdelille.org\/wp-content\/uploads\/2022\/03\/LogoLolivierAssurance-300x165.png\" alt=\"\" width=\"300\" height=\"165\" \/><\/a><\/p>\n<p>\u00a0<\/p>\n<p>\u00a0<\/p>\n<p>\u00a0<\/p>\n<p>\u00a0<\/p>\n<p>\u00a0<\/p>\n<p><a href=\"https:\/\/www.fondationdelille.org\/fonds-solidarite-climat-5-projets-ont-ete-selectionnes\/logo-ville-web\/\" rel=\"attachment wp-att-14148\"><img decoding=\"async\" loading=\"lazy\" class=\"alignleft wp-image-14148 size-thumbnail\" src=\"https:\/\/www.fondationdelille.org\/wp-content\/uploads\/2022\/10\/Logo-Ville-web-150x150.jpg\" alt=\"\" width=\"150\" height=\"150\" \/><\/a><\/p>\n<p>\u00a0<\/p>\n<p>\u00a0<\/p>\n<p>\u00a0<\/p>\n<p>\u00a0<\/p>\n<p><strong>FAIRE UN DON ET SOUTENIR LE\u00a0FONDS SOLIDARIT\u00c9 CLIMAT :\u00a0<a href=\"https:\/\/www.fondationdelille.org\/agir-ensemble\/particulier\/faire-un-don\/\">\u00a0<span style=\"color: #ff6600;\">ICI\u00a0<\/span><\/a><\/strong><\/p>\n","protected":false},"excerpt":{"rendered":"<p>Suite \u00e0 l&rsquo;Appel \u00e0 Projets, le Comit\u00e9 de S\u00e9lection, r\u00e9uni le 8 juin dernier, a s\u00e9lectionn\u00e9 5\u00a0projets associatifs\u00a0ou collectifs d&rsquo;acteurs, pour un montant total de 40.000 \u20ac.<\/p>\n","protected":false},"author":4,"featured_media":851,"comment_status":"closed","ping_status":"open","sticky":false,"template":"","format":"standard","meta":{"_mi_skip_tracking":false},"categories":[1],"tags":[],"acf":[],"_links":{"self":[{"href":"https:\/\/www.fondationdelille.org\/climat\/wp-json\/wp\/v2\/posts\/850"}],"collection":[{"href":"https:\/\/www.fondationdelille.org\/climat\/wp-json\/wp\/v2\/posts"}],"about":[{"href":"https:\/\/www.fondationdelille.org\/climat\/wp-json\/wp\/v2\/types\/post"}],"author":[{"embeddable":true,"href":"https:\/\/www.fondationdelille.org\/climat\/wp-json\/wp\/v2\/users\/4"}],"replies":[{"embeddable":true,"href":"https:\/\/www.fondationdelille.org\/climat\/wp-json\/wp\/v2\/comments?post=850"}],"version-history":[{"count":1,"href":"https:\/\/www.fondationdelille.org\/climat\/wp-json\/wp\/v2\/posts\/850\/revisions"}],"predecessor-version":[{"id":852,"href":"https:\/\/www.fondationdelille.org\/climat\/wp-json\/wp\/v2\/posts\/850\/revisions\/852"}],"wp:featuredmedia":[{"embeddable":true,"href":"https:\/\/www.fondationdelille.org\/climat\/wp-json\/wp\/v2\/media\/851"}],"wp:attachment":[{"href":"https:\/\/www.fondationdelille.org\/climat\/wp-json\/wp\/v2\/media?parent=850"}],"wp:term":[{"taxonomy":"category","embeddable":true,"href":"https:\/\/www.fondationdelille.org\/climat\/wp-json\/wp\/v2\/categories?post=850"},{"taxonomy":"post_tag","embeddable":true,"href":"https:\/\/www.fondationdelille.org\/climat\/wp-json\/wp\/v2\/tags?post=850"}],"curies":[{"name":"wp","href":"https:\/\/api.w.org\/{rel}","templated":true}]}}